{"id":70,"date":"2008-08-22T00:00:00","date_gmt":"2008-08-22T00:00:00","guid":{"rendered":"https:\/\/www.asbis.com\/news\/?p=70"},"modified":"2023-07-28T14:29:35","modified_gmt":"2023-07-28T14:29:35","slug":"poland-parkiet-asbis-attraction-middle-east","status":"publish","type":"post","link":"https:\/\/news.asbis.com\/news\/media\/poland-parkiet-asbis-attraction-middle-east\/","title":{"rendered":"Poland: ASBIS Feels Attraction to Middle East"},"content":{"rendered":"<h2>Asbisowi podoba si\u0119 Bliski Wsch&oacute;d<\/h2>\n<p>&#13;&#10;<\/p>\n<p>Autor: Anna Koper<\/p>\n<p>&#13;&#10;<\/p>\n<p><strong>Dystrybutor IT chwali si\u0119 rosn\u0105cymi mar\u017cami i zyskami. Jego akcje wci\u0105\u017c s\u0105 jednak w Polsce ma\u0142o p\u0142ynne. Wczoraj \u017cadna nie zmieni\u0142a w\u0142a\u015bciciela<\/strong><\/p>\n<p>&#13;&#10;<\/p>\n<p>Zajmuj\u0105ca si\u0119 dystrybucj\u0105 sprz\u0119tu komputerowego firma w minionym kwartale zarobi\u0142a na czysto 1,8 mln dolar&oacute;w, przy 344,7 mln dolar&oacute;w obrot&oacute;w. Przychody zwi\u0119kszy\u0142y si\u0119 o 22,8 proc. w por&oacute;wnaniu z analogicznym okresem 2007 r. Zysk netto wzr&oacute;s\u0142 za\u015b o 34,3 proc. II kwarta\u0142 okaza\u0142 si\u0119 jednak nieco s\u0142abszy od pocz\u0105tku roku, gdy dynamika ukszta\u0142towa\u0142a si\u0119 na poziomie odpowiednio 38,9 proc. i 189,5 proc.<\/p>\n<p>&#13;&#10;<\/p>\n<p><strong>Mar\u017ce nadal rosn\u0105<\/strong><\/p>\n<p>&#13;&#10;<\/p>\n<p>Przedstawiciele sp&oacute;\u0142ki informuj\u0105, \u017ce wci\u0105\u017c udaje jej si\u0119 podnosi\u0107 mar\u017ce. Jest to mo\u017cliwe m. in. dzi\u0119ki zwi\u0119kszaniu sprzeda\u017cy marek w\u0142asnych i wyrob&oacute;w Microsoftu (zw\u0142aszcza na rynku rosyjskim). W I po\u0142owie tego roku mar\u017ca brutto wzros\u0142a do 5,9 proc. (z 4,4 proc. w analogicznym okresie 2007 r.). Mar\u017ca EBITDA (proporcja powi\u0119kszonego o amortyzacj\u0119 wyniku operacyjnego i przychod&oacute;w) zwi\u0119kszy\u0142a si\u0119 za\u015b z 1,2 proc. do 2,1 proc. Szefowie firmy zapowiadaj\u0105 dobry koniec roku.<\/p>\n<p>&#13;&#10;<\/p>\n<p>&#8211; W oparciu o wyniki pierwszego p&oacute;\u0142rocza i o pocz\u0105tek III kwarta\u0142u mo\u017cemy powiedzie\u0107, \u017ce pozytywna tendencja wzrostu mar\u017c jest utrzymywana &#8211; m&oacute;wi <strong>Marios Christou<\/strong>, dyrektor finansowy Asbisu. Szefowie sp&oacute;\u0142ki ostrzegaj\u0105 jednak, \u017ce taka tendencja mo\u017ce nie utrzyma\u0107 si\u0119 w przysz\u0142o\u015bci. Odwr&oacute;ci\u0107 j\u0105 mog\u0105 m.in. rosn\u0105ca konkurencja, konsolidacja bran\u017cy oraz niski popyt na niekt&oacute;re produkty.<\/p>\n<p>&#13;&#10;<\/p>\n<p><strong>Obiecuj\u0105cy Bliski Wsch&oacute;d<\/strong><\/p>\n<p>&#13;&#10;<\/p>\n<p>W najbli\u017cszym czasie firma zamierza zwi\u0119ksza\u0107 sw\u0105 obecno\u015b\u0107 zw\u0142aszcza na rynkach Afryki i Bliskiego Wschodu. W tym celu rozwa\u017ca za\u0142o\u017cenie sp&oacute;\u0142ki zale\u017cnej w Arabii Saudyjskiej, gdzie jest dystrybutorem produkt&oacute;w Toshiby i Della. Pomocne b\u0119dzie te\u017c wykorzystanie kupionego niedawno magazynu w Emiratach Arabskich. &#8211; W regionach tych widzimy du\u017ce perspektywy rozwoju, a tym samym szanse dla siebie &#8211; uzasadnia Siarhei Kostevitch, dyrektor generalny Asbisu.<\/p>\n<p>&#13;&#10;<\/p>\n<p><strong>W\u0142asne marki w Polsce<\/strong><\/p>\n<p>&#13;&#10;<\/p>\n<p>Przychody grupy osi\u0105gane z dzia\u0142alno\u015bci w naszym kraju wynios\u0142y w I po\u0142owie tego roku 40,6 mln dolar&oacute;w. Wzros\u0142y o 40,2 proc. w por&oacute;wnaniu z analogicznym okresem 2007 r. Przedstawiciele sp&oacute;\u0142ki informuj\u0105, \u017ce w Polsce zamierza si\u0119 ona skupia\u0107 na wzro\u015bcie sprzeda\u017cy produkt&oacute;w pod w\u0142asnymi markami (Prestigio i Canyon) oraz utrzymaniu pozycji w sektorze komponent&oacute;w (m. in. dyski twarde). Nie wyklucza r&oacute;wnie\u017c wej\u015bcia w sektor elektroniki u\u017cytkowej (np. telewizor&oacute;w). &#8211; Pracujemy nad pozyskaniem partner&oacute;w strategicznych do produkcji. Za wcze\u015bnie jednak na szczeg&oacute;\u0142y &#8211; m&oacute;wi Kostevitch.<\/p>\n<p>&#13;&#10;<\/p>\n<p><strong><a href='http:\/\/www.parkiet.com\/'>&copy; Presspublica Sp. z o. o. <\/a><\/strong><\/p>\n","protected":false},"excerpt":{"rendered":"<p>Asbisowi podoba si\u0119 Bliski Wsch&oacute;d &#13;&#10; Autor: Anna Koper &#13;&#10; Dystrybutor IT chwali si\u0119 rosn\u0105cymi mar\u017cami i zyskami. Jego akcje wci\u0105\u017c s\u0105 jednak w Polsce ma\u0142o p\u0142ynne. Wczoraj \u017cadna nie zmieni\u0142a w\u0142a\u015bciciela &#13;&#10; Zajmuj\u0105ca si\u0119 dystrybucj\u0105 sprz\u0119tu komputerowego firma w minionym kwartale zarobi\u0142a na czysto 1,8 mln dolar&oacute;w, przy 344,7 mln dolar&oacute;w obrot&oacute;w. Przychody zwi\u0119kszy\u0142y&#8230;<\/p>\n","protected":false},"author":1,"featured_media":0,"comment_status":"closed","ping_status":"open","sticky":false,"template":"","format":"standard","meta":{"_monsterinsights_skip_tracking":false,"_monsterinsights_sitenote_active":false,"_monsterinsights_sitenote_note":"","_monsterinsights_sitenote_category":0,"footnotes":""},"categories":[12],"tags":[],"class_list":["post-70","post","type-post","status-publish","format-standard","hentry","category-media"],"yoast_head":"<!-- This site is optimized with the Yoast SEO plugin v24.6 - https:\/\/yoast.com\/wordpress\/plugins\/seo\/ -->\n<title>Poland: ASBIS Feels Attraction to Middle East - ASBIS<\/title>\n<meta name=\"robots\" content=\"index, follow, max-snippet:-1, max-image-preview:large, max-video-preview:-1\" \/>\n<link rel=\"canonical\" href=\"https:\/\/news.asbis.com\/news\/media\/poland-parkiet-asbis-attraction-middle-east\/\" \/>\n<meta property=\"og:locale\" content=\"en_US\" \/>\n<meta property=\"og:type\" content=\"article\" \/>\n<meta property=\"og:title\" content=\"Poland: ASBIS Feels Attraction to Middle East - ASBIS\" \/>\n<meta property=\"og:description\" content=\"Asbisowi podoba si\u0119 Bliski Wsch&oacute;d &#013;&#010; Autor: Anna Koper &#013;&#010; Dystrybutor IT chwali si\u0119 rosn\u0105cymi mar\u017cami i zyskami. Jego akcje wci\u0105\u017c s\u0105 jednak w Polsce ma\u0142o p\u0142ynne. Wczoraj \u017cadna nie zmieni\u0142a w\u0142a\u015bciciela &#013;&#010; Zajmuj\u0105ca si\u0119 dystrybucj\u0105 sprz\u0119tu komputerowego firma w minionym kwartale zarobi\u0142a na czysto 1,8 mln dolar&oacute;w, przy 344,7 mln dolar&oacute;w obrot&oacute;w. Przychody zwi\u0119kszy\u0142y...\" \/>\n<meta property=\"og:url\" content=\"https:\/\/news.asbis.com\/news\/media\/poland-parkiet-asbis-attraction-middle-east\/\" \/>\n<meta property=\"og:site_name\" content=\"ASBIS\" \/>\n<meta property=\"article:published_time\" content=\"2008-08-22T00:00:00+00:00\" \/>\n<meta property=\"article:modified_time\" content=\"2023-07-28T14:29:35+00:00\" \/>\n<meta name=\"author\" content=\"Administration\" \/>\n<meta name=\"twitter:card\" content=\"summary_large_image\" \/>\n<meta name=\"twitter:label1\" content=\"Written by\" \/>\n\t<meta name=\"twitter:data1\" content=\"Administration\" \/>\n\t<meta name=\"twitter:label2\" content=\"Est. reading time\" \/>\n\t<meta name=\"twitter:data2\" content=\"2 minutes\" \/>\n<script type=\"application\/ld+json\" class=\"yoast-schema-graph\">{\"@context\":\"https:\/\/schema.org\",\"@graph\":[{\"@type\":\"Article\",\"@id\":\"https:\/\/news.asbis.com\/news\/media\/poland-parkiet-asbis-attraction-middle-east\/#article\",\"isPartOf\":{\"@id\":\"https:\/\/news.asbis.com\/news\/media\/poland-parkiet-asbis-attraction-middle-east\/\"},\"author\":{\"name\":\"Administration\",\"@id\":\"https:\/\/news.asbis.com\/news\/#\/schema\/person\/a9085ccc933f6ef29b2f1f80158ffaa1\"},\"headline\":\"Poland: ASBIS Feels Attraction to Middle East\",\"datePublished\":\"2008-08-22T00:00:00+00:00\",\"dateModified\":\"2023-07-28T14:29:35+00:00\",\"mainEntityOfPage\":{\"@id\":\"https:\/\/news.asbis.com\/news\/media\/poland-parkiet-asbis-attraction-middle-east\/\"},\"wordCount\":490,\"publisher\":{\"@id\":\"https:\/\/news.asbis.com\/news\/#organization\"},\"articleSection\":[\"ASBIS in Media\"],\"inLanguage\":\"en-US\"},{\"@type\":\"WebPage\",\"@id\":\"https:\/\/news.asbis.com\/news\/media\/poland-parkiet-asbis-attraction-middle-east\/\",\"url\":\"https:\/\/news.asbis.com\/news\/media\/poland-parkiet-asbis-attraction-middle-east\/\",\"name\":\"Poland: ASBIS Feels Attraction to Middle East - ASBIS\",\"isPartOf\":{\"@id\":\"https:\/\/news.asbis.com\/news\/#website\"},\"datePublished\":\"2008-08-22T00:00:00+00:00\",\"dateModified\":\"2023-07-28T14:29:35+00:00\",\"breadcrumb\":{\"@id\":\"https:\/\/news.asbis.com\/news\/media\/poland-parkiet-asbis-attraction-middle-east\/#breadcrumb\"},\"inLanguage\":\"en-US\",\"potentialAction\":[{\"@type\":\"ReadAction\",\"target\":[\"https:\/\/news.asbis.com\/news\/media\/poland-parkiet-asbis-attraction-middle-east\/\"]}]},{\"@type\":\"BreadcrumbList\",\"@id\":\"https:\/\/news.asbis.com\/news\/media\/poland-parkiet-asbis-attraction-middle-east\/#breadcrumb\",\"itemListElement\":[{\"@type\":\"ListItem\",\"position\":1,\"name\":\"Home\",\"item\":\"https:\/\/news.asbis.com\/news\/\"},{\"@type\":\"ListItem\",\"position\":2,\"name\":\"Poland: ASBIS Feels Attraction to Middle East\"}]},{\"@type\":\"WebSite\",\"@id\":\"https:\/\/news.asbis.com\/news\/#website\",\"url\":\"https:\/\/news.asbis.com\/news\/\",\"name\":\"ASBIS\",\"description\":\"Newsroom\",\"publisher\":{\"@id\":\"https:\/\/news.asbis.com\/news\/#organization\"},\"potentialAction\":[{\"@type\":\"SearchAction\",\"target\":{\"@type\":\"EntryPoint\",\"urlTemplate\":\"https:\/\/news.asbis.com\/news\/?s={search_term_string}\"},\"query-input\":{\"@type\":\"PropertyValueSpecification\",\"valueRequired\":true,\"valueName\":\"search_term_string\"}}],\"inLanguage\":\"en-US\"},{\"@type\":\"Organization\",\"@id\":\"https:\/\/news.asbis.com\/news\/#organization\",\"name\":\"ASBIS\",\"url\":\"https:\/\/news.asbis.com\/news\/\",\"logo\":{\"@type\":\"ImageObject\",\"inLanguage\":\"en-US\",\"@id\":\"https:\/\/news.asbis.com\/news\/#\/schema\/logo\/image\/\",\"url\":\"https:\/\/news.asbis.com\/news\/wp-content\/uploads\/2025\/03\/Logo-Newsroom-2-1.png\",\"contentUrl\":\"https:\/\/news.asbis.com\/news\/wp-content\/uploads\/2025\/03\/Logo-Newsroom-2-1.png\",\"width\":2560,\"height\":553,\"caption\":\"ASBIS\"},\"image\":{\"@id\":\"https:\/\/news.asbis.com\/news\/#\/schema\/logo\/image\/\"}},{\"@type\":\"Person\",\"@id\":\"https:\/\/news.asbis.com\/news\/#\/schema\/person\/a9085ccc933f6ef29b2f1f80158ffaa1\",\"name\":\"Administration\",\"image\":{\"@type\":\"ImageObject\",\"inLanguage\":\"en-US\",\"@id\":\"https:\/\/news.asbis.com\/news\/#\/schema\/person\/image\/\",\"url\":\"https:\/\/secure.gravatar.com\/avatar\/9aba4f29256577177162524a9ffb5fbbac77ce497b287dfdd4214500031eb9c6?s=96&d=mm&r=g\",\"contentUrl\":\"https:\/\/secure.gravatar.com\/avatar\/9aba4f29256577177162524a9ffb5fbbac77ce497b287dfdd4214500031eb9c6?s=96&d=mm&r=g\",\"caption\":\"Administration\"},\"sameAs\":[\"https:\/\/www.asbis.com\/news\"],\"url\":\"https:\/\/news.asbis.com\/news\/author\/administration\/\"}]}<\/script>\n<!-- \/ Yoast SEO plugin. -->","yoast_head_json":{"title":"Poland: ASBIS Feels Attraction to Middle East - ASBIS","robots":{"index":"index","follow":"follow","max-snippet":"max-snippet:-1","max-image-preview":"max-image-preview:large","max-video-preview":"max-video-preview:-1"},"canonical":"https:\/\/news.asbis.com\/news\/media\/poland-parkiet-asbis-attraction-middle-east\/","og_locale":"en_US","og_type":"article","og_title":"Poland: ASBIS Feels Attraction to Middle East - ASBIS","og_description":"Asbisowi podoba si\u0119 Bliski Wsch&oacute;d &#13;&#10; Autor: Anna Koper &#13;&#10; Dystrybutor IT chwali si\u0119 rosn\u0105cymi mar\u017cami i zyskami. Jego akcje wci\u0105\u017c s\u0105 jednak w Polsce ma\u0142o p\u0142ynne. Wczoraj \u017cadna nie zmieni\u0142a w\u0142a\u015bciciela &#13;&#10; Zajmuj\u0105ca si\u0119 dystrybucj\u0105 sprz\u0119tu komputerowego firma w minionym kwartale zarobi\u0142a na czysto 1,8 mln dolar&oacute;w, przy 344,7 mln dolar&oacute;w obrot&oacute;w. Przychody zwi\u0119kszy\u0142y...","og_url":"https:\/\/news.asbis.com\/news\/media\/poland-parkiet-asbis-attraction-middle-east\/","og_site_name":"ASBIS","article_published_time":"2008-08-22T00:00:00+00:00","article_modified_time":"2023-07-28T14:29:35+00:00","author":"Administration","twitter_card":"summary_large_image","twitter_misc":{"Written by":"Administration","Est. reading time":"2 minutes"},"schema":{"@context":"https:\/\/schema.org","@graph":[{"@type":"Article","@id":"https:\/\/news.asbis.com\/news\/media\/poland-parkiet-asbis-attraction-middle-east\/#article","isPartOf":{"@id":"https:\/\/news.asbis.com\/news\/media\/poland-parkiet-asbis-attraction-middle-east\/"},"author":{"name":"Administration","@id":"https:\/\/news.asbis.com\/news\/#\/schema\/person\/a9085ccc933f6ef29b2f1f80158ffaa1"},"headline":"Poland: ASBIS Feels Attraction to Middle East","datePublished":"2008-08-22T00:00:00+00:00","dateModified":"2023-07-28T14:29:35+00:00","mainEntityOfPage":{"@id":"https:\/\/news.asbis.com\/news\/media\/poland-parkiet-asbis-attraction-middle-east\/"},"wordCount":490,"publisher":{"@id":"https:\/\/news.asbis.com\/news\/#organization"},"articleSection":["ASBIS in Media"],"inLanguage":"en-US"},{"@type":"WebPage","@id":"https:\/\/news.asbis.com\/news\/media\/poland-parkiet-asbis-attraction-middle-east\/","url":"https:\/\/news.asbis.com\/news\/media\/poland-parkiet-asbis-attraction-middle-east\/","name":"Poland: ASBIS Feels Attraction to Middle East - ASBIS","isPartOf":{"@id":"https:\/\/news.asbis.com\/news\/#website"},"datePublished":"2008-08-22T00:00:00+00:00","dateModified":"2023-07-28T14:29:35+00:00","breadcrumb":{"@id":"https:\/\/news.asbis.com\/news\/media\/poland-parkiet-asbis-attraction-middle-east\/#breadcrumb"},"inLanguage":"en-US","potentialAction":[{"@type":"ReadAction","target":["https:\/\/news.asbis.com\/news\/media\/poland-parkiet-asbis-attraction-middle-east\/"]}]},{"@type":"BreadcrumbList","@id":"https:\/\/news.asbis.com\/news\/media\/poland-parkiet-asbis-attraction-middle-east\/#breadcrumb","itemListElement":[{"@type":"ListItem","position":1,"name":"Home","item":"https:\/\/news.asbis.com\/news\/"},{"@type":"ListItem","position":2,"name":"Poland: ASBIS Feels Attraction to Middle East"}]},{"@type":"WebSite","@id":"https:\/\/news.asbis.com\/news\/#website","url":"https:\/\/news.asbis.com\/news\/","name":"ASBIS","description":"Newsroom","publisher":{"@id":"https:\/\/news.asbis.com\/news\/#organization"},"potentialAction":[{"@type":"SearchAction","target":{"@type":"EntryPoint","urlTemplate":"https:\/\/news.asbis.com\/news\/?s={search_term_string}"},"query-input":{"@type":"PropertyValueSpecification","valueRequired":true,"valueName":"search_term_string"}}],"inLanguage":"en-US"},{"@type":"Organization","@id":"https:\/\/news.asbis.com\/news\/#organization","name":"ASBIS","url":"https:\/\/news.asbis.com\/news\/","logo":{"@type":"ImageObject","inLanguage":"en-US","@id":"https:\/\/news.asbis.com\/news\/#\/schema\/logo\/image\/","url":"https:\/\/news.asbis.com\/news\/wp-content\/uploads\/2025\/03\/Logo-Newsroom-2-1.png","contentUrl":"https:\/\/news.asbis.com\/news\/wp-content\/uploads\/2025\/03\/Logo-Newsroom-2-1.png","width":2560,"height":553,"caption":"ASBIS"},"image":{"@id":"https:\/\/news.asbis.com\/news\/#\/schema\/logo\/image\/"}},{"@type":"Person","@id":"https:\/\/news.asbis.com\/news\/#\/schema\/person\/a9085ccc933f6ef29b2f1f80158ffaa1","name":"Administration","image":{"@type":"ImageObject","inLanguage":"en-US","@id":"https:\/\/news.asbis.com\/news\/#\/schema\/person\/image\/","url":"https:\/\/secure.gravatar.com\/avatar\/9aba4f29256577177162524a9ffb5fbbac77ce497b287dfdd4214500031eb9c6?s=96&d=mm&r=g","contentUrl":"https:\/\/secure.gravatar.com\/avatar\/9aba4f29256577177162524a9ffb5fbbac77ce497b287dfdd4214500031eb9c6?s=96&d=mm&r=g","caption":"Administration"},"sameAs":["https:\/\/www.asbis.com\/news"],"url":"https:\/\/news.asbis.com\/news\/author\/administration\/"}]}},"_links":{"self":[{"href":"https:\/\/news.asbis.com\/news\/wp-json\/wp\/v2\/posts\/70","targetHints":{"allow":["GET"]}}],"collection":[{"href":"https:\/\/news.asbis.com\/news\/wp-json\/wp\/v2\/posts"}],"about":[{"href":"https:\/\/news.asbis.com\/news\/wp-json\/wp\/v2\/types\/post"}],"author":[{"embeddable":true,"href":"https:\/\/news.asbis.com\/news\/wp-json\/wp\/v2\/users\/1"}],"replies":[{"embeddable":true,"href":"https:\/\/news.asbis.com\/news\/wp-json\/wp\/v2\/comments?post=70"}],"version-history":[{"count":1,"href":"https:\/\/news.asbis.com\/news\/wp-json\/wp\/v2\/posts\/70\/revisions"}],"predecessor-version":[{"id":6766,"href":"https:\/\/news.asbis.com\/news\/wp-json\/wp\/v2\/posts\/70\/revisions\/6766"}],"wp:attachment":[{"href":"https:\/\/news.asbis.com\/news\/wp-json\/wp\/v2\/media?parent=70"}],"wp:term":[{"taxonomy":"category","embeddable":true,"href":"https:\/\/news.asbis.com\/news\/wp-json\/wp\/v2\/categories?post=70"},{"taxonomy":"post_tag","embeddable":true,"href":"https:\/\/news.asbis.com\/news\/wp-json\/wp\/v2\/tags?post=70"}],"curies":[{"name":"wp","href":"https:\/\/api.w.org\/{rel}","templated":true}]}}